{"id":289,"date":"2018-02-01T11:07:48","date_gmt":"2018-02-01T09:07:48","guid":{"rendered":"https:\/\/mat.uab.cat\/web\/mprats\/?p=289"},"modified":"2023-10-09T11:47:03","modified_gmt":"2023-10-09T09:47:03","slug":"marti-prats-processing-bits-de-matematiques","status":"publish","type":"post","link":"https:\/\/mat.uab.cat\/web\/mprats\/2018\/02\/01\/marti-prats-processing-bits-de-matematiques\/","title":{"rendered":"Mart\u00ed Prats: Processing (Bits de matem\u00e0tiques)"},"content":{"rendered":"\n<div class=\"wp-block-buttons is-layout-flex wp-block-buttons-is-layout-flex\">\n<div class=\"wp-block-button\"><a class=\"wp-block-button__link wp-element-button\" href=\"https:\/\/scm.iec.cat\/wp-content\/uploads\/2018\/09\/N43.pdf\" target=\"_blank\" rel=\"noreferrer noopener\">Not\u00edcies de la SCM<\/a><\/div>\n<\/div>\n\n\n\n<figure class=\"wp-block-table\"><table><tbody><tr><td>El Processing \u00e9s un programari de codi obert destinat a l&#8217;elaboraci\u00f3 de videoprojeccions ideat per Ben Fry i Casey Reas en un grup de recerca del MIT Media Lab el 2001. \u00c9s un llenguatge multiplataforma basat en Java, per\u00f2 tamb\u00e9 t\u00e9 contraparts en Javascript i en Python, totes de desc\u00e0rrega lliure des del seu lloc web.<\/td><td> <figure><a href=\"https:\/\/mat.uab.cat\/web\/mprats\/wp-content\/uploads\/sites\/37\/2023\/10\/Bits-43.png\" data-type=\"attachment\" data-id=\"291\" target=\"_blank\" rel=\"noreferrer noopener\"><img decoding=\"async\" width=\"90%\" src=\"http:\/\/mat.uab.cat\/web\/mprats\/wp-content\/uploads\/sites\/37\/2023\/10\/Bits-43.png\"><\/a><\/figure><div style=\"text-align: center\"><\/div> <\/td><\/tr><\/tbody><\/table><\/figure>\n","protected":false},"excerpt":{"rendered":"<p>El Processing \u00e9s un programari de codi obert destinat a l&#8217;elaboraci\u00f3 de videoprojeccions ideat per Ben Fry i Casey Reas en un grup de recerca del MIT Media Lab el 2001. \u00c9s un llenguatge multiplataforma basat en Java, per\u00f2 tamb\u00e9 t\u00e9 contraparts en Javascript i en Python, totes de desc\u00e0rrega lliure des del seu lloc &hellip; <a href=\"https:\/\/mat.uab.cat\/web\/mprats\/2018\/02\/01\/marti-prats-processing-bits-de-matematiques\/\" class=\"more-link\">Continua la lectura de <span class=\"screen-reader-text\">Mart\u00ed Prats: Processing (Bits de matem\u00e0tiques)<\/span> <span class=\"meta-nav\">&rarr;<\/span><\/a><\/p>\n","protected":false},"author":53,"featured_media":0,"comment_status":"closed","ping_status":"closed","sticky":false,"template":"","format":"standard","meta":{"footnotes":""},"categories":[105],"tags":[107],"class_list":["post-289","post","type-post","status-publish","format-standard","hentry","category-dissemination","tag-dissemination"],"_links":{"self":[{"href":"https:\/\/mat.uab.cat\/web\/mprats\/wp-json\/wp\/v2\/posts\/289","targetHints":{"allow":["GET"]}}],"collection":[{"href":"https:\/\/mat.uab.cat\/web\/mprats\/wp-json\/wp\/v2\/posts"}],"about":[{"href":"https:\/\/mat.uab.cat\/web\/mprats\/wp-json\/wp\/v2\/types\/post"}],"author":[{"embeddable":true,"href":"https:\/\/mat.uab.cat\/web\/mprats\/wp-json\/wp\/v2\/users\/53"}],"replies":[{"embeddable":true,"href":"https:\/\/mat.uab.cat\/web\/mprats\/wp-json\/wp\/v2\/comments?post=289"}],"version-history":[{"count":4,"href":"https:\/\/mat.uab.cat\/web\/mprats\/wp-json\/wp\/v2\/posts\/289\/revisions"}],"predecessor-version":[{"id":304,"href":"https:\/\/mat.uab.cat\/web\/mprats\/wp-json\/wp\/v2\/posts\/289\/revisions\/304"}],"wp:attachment":[{"href":"https:\/\/mat.uab.cat\/web\/mprats\/wp-json\/wp\/v2\/media?parent=289"}],"wp:term":[{"taxonomy":"category","embeddable":true,"href":"https:\/\/mat.uab.cat\/web\/mprats\/wp-json\/wp\/v2\/categories?post=289"},{"taxonomy":"post_tag","embeddable":true,"href":"https:\/\/mat.uab.cat\/web\/mprats\/wp-json\/wp\/v2\/tags?post=289"}],"curies":[{"name":"wp","href":"https:\/\/api.w.org\/{rel}","templated":true}]}}